{"id":414,"date":"2023-11-13T10:17:07","date_gmt":"2023-11-13T10:17:07","guid":{"rendered":"https:\/\/www.uhrf.se\/?p=414"},"modified":"2023-11-17T09:49:26","modified_gmt":"2023-11-17T09:49:26","slug":"inbjudan-till-deltagande-online-pa-nordic-public-procurement-forum-i-kopenhamn-23-och-24-november","status":"publish","type":"post","link":"http:\/\/www.uhrf.se\/index.php\/2023\/11\/13\/inbjudan-till-deltagande-online-pa-nordic-public-procurement-forum-i-kopenhamn-23-och-24-november\/","title":{"rendered":"Inbjudan till deltagande online p\u00e5 Nordic Public Procurement Forum i K\u00f6penhamn 23 och 24 november"},"content":{"rendered":"\n<p>Upphandlingsr\u00e4ttsliga f\u00f6reningen \u00e4r glada \u00f6ver att tillsammans med Nordic Public Procurement Forum i K\u00f6penhamn kunna erbjuda v\u00e5ra medlemmar att delta online p\u00e5 denna konferens till ett mycket f\u00f6rm\u00e5nligt pris.<br>F\u00f6reningen har l\u00e4nge \u00f6nskat kunna erbjuda en f\u00f6rel\u00e4sning med Sue Arrowsmith s\u00e5 passa g\u00e4rna p\u00e5 att utbilda er organisation under en eller b\u00e5da dessa dagar.<\/p>\n\n\n\n<p><strong>Sue Arrowsmith<\/strong> \u00e4r Europas ledande professor och f\u00f6rfattare i EU:s upphandlingsr\u00e4tt. Sedan m\u00e5nga \u00e5r \u00e4r hon huvudtalare p\u00e5 Nordens mest internationella konferens i upphandlingsr\u00e4tt, Nordic Public Procurement Forum i K\u00f6penhamn.<br>Medlemmarna i Upphandlingsr\u00e4ttsliga f\u00f6reningen erbjuds nu att delta i Sue Arrowsmith-dagen online till ett kostnadseffektivt specialpris.<br>Programmet finns p\u00e5 <a href=\"https:\/\/nohrcon.com\/product\/nordic-public-procurement-forum-day-2-2023\/\">https:\/\/nohrcon.com\/product\/nordic-public-procurement-forum-day-2-2023\/<\/a> .<\/p>\n\n\n\n<p>Dagen efter Sue Arrowsmith-dagen anordnas den <strong>Svenska dagen<\/strong> p\u00e5 Nordic Public Procurement Forum.<br>Huvudtalare \u00e4r f d justitier\u00e5det vid H\u00f6gsta f\u00f6rvaltningsdomstolen <strong>Helena Ros\u00e9n Andersson<\/strong> som under flera \u00e5r var ordf\u00f6rande i Upphandlingsr\u00e4ttsliga f\u00f6reningen.<br>Programmet finns p\u00e5 <a href=\"https:\/\/nohrcon.se\/produkt\/nordic-public-procurement-forum-2023-svenska-dagen\/digitalt-2023-11-24\/\">https:\/\/nohrcon.se\/produkt\/nordic-public-procurement-forum-2023-svenska-dagen\/digitalt-2023-11-24\/<\/a><\/p>\n\n\n\n<p><strong>Tid:<\/strong> Torsdagen den 23 respektive fredagen den 24 november<\/p>\n\n\n\n<p><strong>Plats<\/strong>: Online per Teams (l\u00e4nk mejlas ut dagen innan)<\/p>\n\n\n\n<p><strong>Deltagaravgift:<\/strong> 3&nbsp;500 kr exkl moms<strong> per dag och deltagande f\u00f6retag\/organisation \u2013 flera kollegor f\u00e5r delta utan extra kostnad<\/strong> (ord. pris 899 euro per deltagare)<\/p>\n\n\n\n<p><br>Osa: Senast tisdagen den 21 november per mejl till Martynas p\u00e5 <a href=\"mailto:mk@nohrcon.com\">mk@nohrcon.com<\/a>. OBS att anm\u00e4lan \u00e4r bindande, deltagaravgiften faktureras i efterhand.<br>Dvs anm\u00e4lan sker inte till Upphandlingsr\u00e4ttsliga f\u00f6reningen.<br><br>Uppdaterad l\u00e4nk till den svenska dagen (en separat hemsida f\u00f6r att kunna anm\u00e4la sig till v\u00e5rt rabatterade pris p\u00e5 3\u00a0500 kr, som inte g\u00e5r att n\u00e5s fr\u00e5n konferensens huvudhemsida p\u00e5 engelska, vill man bara anm\u00e4la sig till svenska dagen g\u00e5r det bra via den nya hemsidan, men vill man anm\u00e4la sig \u00e4ven till Sue Arrowsmith-dagen till den rabatterade priset p\u00e5 3\u00a0500 kr on-line s\u00e5 m\u00e5ste man fortfarande anm\u00e4la sig per mejl).<\/p>\n\n\n\n<p>Har ni n\u00e5gra enklare fr\u00e5gor kring arrangemanget s\u00e5 h\u00f6r av er till <a href=\"mailto:info@uhrf.se\">info@uhrf.se<\/a> annars h\u00e4nvisar vi till Nohrcons hemsida.<\/p>\n","protected":false},"excerpt":{"rendered":"<p>Upphandlingsr\u00e4ttsliga f\u00f6reningen \u00e4r glada \u00f6ver att tillsammans med Nordic Public Procurement Forum i K\u00f6penhamn kunna erbjuda v\u00e5ra medlemmar att delta online p\u00e5 denna konferens till ett mycket f\u00f6rm\u00e5nligt pris.F\u00f6reningen har l\u00e4nge \u00f6nskat kunna erbjuda en f\u00f6rel\u00e4sning med Sue Arrowsmith s\u00e5 <a class=\"more-link\" href=\"http:\/\/www.uhrf.se\/index.php\/2023\/11\/13\/inbjudan-till-deltagande-online-pa-nordic-public-procurement-forum-i-kopenhamn-23-och-24-november\/\">Read More &#8230;<\/a><\/p>\n","protected":false},"author":1,"featured_media":0,"comment_status":"closed","ping_status":"closed","sticky":false,"template":"","format":"standard","meta":[],"categories":[26,5,9],"tags":[],"_links":{"self":[{"href":"http:\/\/www.uhrf.se\/index.php\/wp-json\/wp\/v2\/posts\/414"}],"collection":[{"href":"http:\/\/www.uhrf.se\/index.php\/wp-json\/wp\/v2\/posts"}],"about":[{"href":"http:\/\/www.uhrf.se\/index.php\/wp-json\/wp\/v2\/types\/post"}],"author":[{"embeddable":true,"href":"http:\/\/www.uhrf.se\/index.php\/wp-json\/wp\/v2\/users\/1"}],"replies":[{"embeddable":true,"href":"http:\/\/www.uhrf.se\/index.php\/wp-json\/wp\/v2\/comments?post=414"}],"version-history":[{"count":2,"href":"http:\/\/www.uhrf.se\/index.php\/wp-json\/wp\/v2\/posts\/414\/revisions"}],"predecessor-version":[{"id":418,"href":"http:\/\/www.uhrf.se\/index.php\/wp-json\/wp\/v2\/posts\/414\/revisions\/418"}],"wp:attachment":[{"href":"http:\/\/www.uhrf.se\/index.php\/wp-json\/wp\/v2\/media?parent=414"}],"wp:term":[{"taxonomy":"category","embeddable":true,"href":"http:\/\/www.uhrf.se\/index.php\/wp-json\/wp\/v2\/categories?post=414"},{"taxonomy":"post_tag","embeddable":true,"href":"http:\/\/www.uhrf.se\/index.php\/wp-json\/wp\/v2\/tags?post=414"}],"curies":[{"name":"wp","href":"https:\/\/api.w.org\/{rel}","templated":true}]}}