{"id":486,"date":"2025-11-10T10:33:43","date_gmt":"2025-11-10T10:33:43","guid":{"rendered":"https:\/\/www.uhrf.se\/?p=486"},"modified":"2025-11-10T10:33:44","modified_gmt":"2025-11-10T10:33:44","slug":"nordic-public-procurement-forum-i-kopenhamn-uhrf-rabatt-pa-sue-arrowsmith-dagen","status":"publish","type":"post","link":"https:\/\/www.uhrf.se\/index.php\/2025\/11\/10\/nordic-public-procurement-forum-i-kopenhamn-uhrf-rabatt-pa-sue-arrowsmith-dagen\/","title":{"rendered":"Nordic Public Procurement Forum i K\u00f6penhamn &#8211; UHRF-rabatt p\u00e5 Sue Arrowsmith-dagen"},"content":{"rendered":"\n<p>Upphandlingsr\u00e4ttsliga f\u00f6reningen \u00e4r glada \u00f6ver att tillsammans med Nordic Public Procurement Forum i K\u00f6penhamn \u00e5terigen kunna erbjuda v\u00e5ra medlemmar att delta online p\u00e5 denna konferens till ett mycket f\u00f6rm\u00e5nligt pris.&nbsp;<\/p>\n\n\n\n<p><strong>Sue Arrowsmith<\/strong>&nbsp;\u00e4r&nbsp;Europas&nbsp;ledande&nbsp;professor och&nbsp;f\u00f6rfattare&nbsp;i&nbsp;EU:s&nbsp;upphandlingsr\u00e4tt. Sedan&nbsp;m\u00e5nga&nbsp;\u00e5r&nbsp;\u00e4r&nbsp;hon&nbsp;huvudtalare&nbsp;p\u00e5&nbsp;Nordens&nbsp;mest&nbsp;internationella&nbsp;konferens&nbsp;i&nbsp;upphandlingsr\u00e4tt, Nordic Public Procurement Forum&nbsp;i&nbsp;K\u00f6penhamn.&nbsp;<\/p>\n\n\n\n<p>Medlemmarna i Upphandlingsr\u00e4ttsliga f\u00f6reningen erbjuds nu att delta i Sue Arrowsmith-dagen online till ett kostnadseffektivt specialpris. Programmet finns p\u00e5:&nbsp;<a href=\"https:\/\/nohrcon.com\/product\/nordic-public-procurement-forum-day-2-2025\/\" target=\"_blank\" rel=\"noreferrer noopener\">https:\/\/nohrcon.com\/product\/nordic-public-procurement-forum-day-2-2025\/<\/a><\/p>\n\n\n\n<p><strong>Tid<\/strong>:&nbsp;Torsdagen&nbsp;den 20&nbsp;november&nbsp;2025&nbsp;<\/p>\n\n\n\n<p><strong>Plats:<\/strong>&nbsp;Online per Teams (l\u00e4nk&nbsp;mejlas&nbsp;ut&nbsp;dagen&nbsp;innan)&nbsp;<\/p>\n\n\n\n<p><strong>Deltagaravgift:<\/strong>&nbsp;453 euro&nbsp;exkl. moms (ordinarie&nbsp;pris: 899 euro)&nbsp;<\/p>\n\n\n\n<p>Osa: Senast m\u00e5ndagen den 17 november per mejl till Martynas p\u00e5&nbsp;<a href=\"mailto:mk@nohrcon.com\" target=\"_blank\" rel=\"noreferrer noopener\">mk@nohrcon.com<\/a>.&nbsp;OBS&nbsp;att&nbsp;anm\u00e4lan&nbsp;\u00e4r&nbsp;bindande,&nbsp;deltagaravgiften&nbsp;faktureras&nbsp;i&nbsp;efterhand.&nbsp;<br>D v s&nbsp;anm\u00e4lan&nbsp;sker&nbsp;inte&nbsp;till&nbsp;Upphandlingsr\u00e4ttsliga&nbsp;f\u00f6reningen.&nbsp;<\/p>\n\n\n\n<p>Har ni n\u00e5gra enklare fr\u00e5gor kring arrangemanget s\u00e5 h\u00f6r av er till&nbsp;<a href=\"mailto:info@uhrf.se\" target=\"_blank\" rel=\"noreferrer noopener\">info@uhrf.se<\/a>&nbsp;annars h\u00e4nvisar vi till Nohrcons hemsida och Martynas.&nbsp;<\/p>\n\n\n\n<p>Mvh&nbsp;<br>Styrelsen&nbsp;i&nbsp;Upphandlingsr\u00e4ttsliga&nbsp;f\u00f6reningen&nbsp;<\/p>\n","protected":false},"excerpt":{"rendered":"<p>Upphandlingsr\u00e4ttsliga f\u00f6reningen \u00e4r glada \u00f6ver att tillsammans med Nordic Public Procurement Forum i K\u00f6penhamn \u00e5terigen kunna erbjuda v\u00e5ra medlemmar att delta online p\u00e5 denna konferens till ett mycket f\u00f6rm\u00e5nligt pris.&nbsp; Sue Arrowsmith&nbsp;\u00e4r&nbsp;Europas&nbsp;ledande&nbsp;professor och&nbsp;f\u00f6rfattare&nbsp;i&nbsp;EU:s&nbsp;upphandlingsr\u00e4tt. Sedan&nbsp;m\u00e5nga&nbsp;\u00e5r&nbsp;\u00e4r&nbsp;hon&nbsp;huvudtalare&nbsp;p\u00e5&nbsp;Nordens&nbsp;mest&nbsp;internationella&nbsp;konferens&nbsp;i&nbsp;upphandlingsr\u00e4tt, Nordic Public Procurement Forum&nbsp;i&nbsp;K\u00f6penhamn.&nbsp; Medlemmarna i <a class=\"more-link\" href=\"https:\/\/www.uhrf.se\/index.php\/2025\/11\/10\/nordic-public-procurement-forum-i-kopenhamn-uhrf-rabatt-pa-sue-arrowsmith-dagen\/\">Read More &#8230;<\/a><\/p>\n","protected":false},"author":1,"featured_media":0,"comment_status":"closed","ping_status":"closed","sticky":true,"template":"","format":"standard","meta":[],"categories":[28,6,9],"tags":[],"_links":{"self":[{"href":"https:\/\/www.uhrf.se\/index.php\/wp-json\/wp\/v2\/posts\/486"}],"collection":[{"href":"https:\/\/www.uhrf.se\/index.php\/wp-json\/wp\/v2\/posts"}],"about":[{"href":"https:\/\/www.uhrf.se\/index.php\/wp-json\/wp\/v2\/types\/post"}],"author":[{"embeddable":true,"href":"https:\/\/www.uhrf.se\/index.php\/wp-json\/wp\/v2\/users\/1"}],"replies":[{"embeddable":true,"href":"https:\/\/www.uhrf.se\/index.php\/wp-json\/wp\/v2\/comments?post=486"}],"version-history":[{"count":1,"href":"https:\/\/www.uhrf.se\/index.php\/wp-json\/wp\/v2\/posts\/486\/revisions"}],"predecessor-version":[{"id":487,"href":"https:\/\/www.uhrf.se\/index.php\/wp-json\/wp\/v2\/posts\/486\/revisions\/487"}],"wp:attachment":[{"href":"https:\/\/www.uhrf.se\/index.php\/wp-json\/wp\/v2\/media?parent=486"}],"wp:term":[{"taxonomy":"category","embeddable":true,"href":"https:\/\/www.uhrf.se\/index.php\/wp-json\/wp\/v2\/categories?post=486"},{"taxonomy":"post_tag","embeddable":true,"href":"https:\/\/www.uhrf.se\/index.php\/wp-json\/wp\/v2\/tags?post=486"}],"curies":[{"name":"wp","href":"https:\/\/api.w.org\/{rel}","templated":true}]}}