{"id":496,"date":"2026-03-31T11:41:57","date_gmt":"2026-03-31T11:41:57","guid":{"rendered":"https:\/\/www.uhrf.se\/?p=496"},"modified":"2026-03-31T11:41:58","modified_gmt":"2026-03-31T11:41:58","slug":"upphandlingsrattsliga-foreningen-bjuder-in-till-medlemsmote-den-16-april-om-de-nya-eu-direktiven-for-offentlig-upphandling","status":"publish","type":"post","link":"https:\/\/www.uhrf.se\/index.php\/2026\/03\/31\/upphandlingsrattsliga-foreningen-bjuder-in-till-medlemsmote-den-16-april-om-de-nya-eu-direktiven-for-offentlig-upphandling\/","title":{"rendered":"Upphandlingsr\u00e4ttsliga f\u00f6reningen bjuder in till medlemsm\u00f6te den 16 april om de nya EU-direktiven f\u00f6r offentlig upphandling"},"content":{"rendered":"\n<p>Vi v\u00e4lkomnar Magnus Johansson, expert p\u00e5 offentlig upphandling och konkurrensfr\u00e5gor fr\u00e5n F\u00f6retagarna som kommer att informera om nul\u00e4get r\u00f6rande de nya EU-direktiven f\u00f6r offentlig upphandling.<br>EU-kommissionen genomf\u00f6r just nu en omfattande \u00f6versyn av upphandlingsdirektiven f\u00f6r att f\u00f6renkla regelverket, minska administrativ b\u00f6rda och \u00f6ka digitaliseringen och Magnus ing\u00e5r i den expertgrupp som ska f\u00f6rse EU-kommissionen med sakkunskap.<\/p>\n\n\n\n<p><strong>Tid<\/strong>: kl 12.00 \u2013 13.00 torsdag den 16 april 2026<br><strong>Plats<\/strong>: L\u00e4nk via Teams<\/p>\n\n\n\n<p><strong>Osa<\/strong>: Senast tisdag 14 april 2026 till <a href=\"mailto:info@uhrf.se\">info@uhrf.se<\/a><br>L\u00e4nk till f\u00f6redrag skickas ut till anm\u00e4lda dagen innan.<br>Deltagande \u00e4r kostnadsfritt<\/p>\n\n\n\n<p><strong>V\u00e4lkommen!<\/strong><\/p>\n","protected":false},"excerpt":{"rendered":"<p>Vi v\u00e4lkomnar Magnus Johansson, expert p\u00e5 offentlig upphandling och konkurrensfr\u00e5gor fr\u00e5n F\u00f6retagarna som kommer att informera om nul\u00e4get r\u00f6rande de nya EU-direktiven f\u00f6r offentlig upphandling.EU-kommissionen genomf\u00f6r just nu en omfattande \u00f6versyn av upphandlingsdirektiven f\u00f6r att f\u00f6renkla regelverket, minska administrativ b\u00f6rda <a class=\"more-link\" href=\"https:\/\/www.uhrf.se\/index.php\/2026\/03\/31\/upphandlingsrattsliga-foreningen-bjuder-in-till-medlemsmote-den-16-april-om-de-nya-eu-direktiven-for-offentlig-upphandling\/\">Read More &#8230;<\/a><\/p>\n","protected":false},"author":1,"featured_media":0,"comment_status":"closed","ping_status":"closed","sticky":true,"template":"","format":"standard","meta":[],"categories":[29,5,6],"tags":[],"_links":{"self":[{"href":"https:\/\/www.uhrf.se\/index.php\/wp-json\/wp\/v2\/posts\/496"}],"collection":[{"href":"https:\/\/www.uhrf.se\/index.php\/wp-json\/wp\/v2\/posts"}],"about":[{"href":"https:\/\/www.uhrf.se\/index.php\/wp-json\/wp\/v2\/types\/post"}],"author":[{"embeddable":true,"href":"https:\/\/www.uhrf.se\/index.php\/wp-json\/wp\/v2\/users\/1"}],"replies":[{"embeddable":true,"href":"https:\/\/www.uhrf.se\/index.php\/wp-json\/wp\/v2\/comments?post=496"}],"version-history":[{"count":1,"href":"https:\/\/www.uhrf.se\/index.php\/wp-json\/wp\/v2\/posts\/496\/revisions"}],"predecessor-version":[{"id":497,"href":"https:\/\/www.uhrf.se\/index.php\/wp-json\/wp\/v2\/posts\/496\/revisions\/497"}],"wp:attachment":[{"href":"https:\/\/www.uhrf.se\/index.php\/wp-json\/wp\/v2\/media?parent=496"}],"wp:term":[{"taxonomy":"category","embeddable":true,"href":"https:\/\/www.uhrf.se\/index.php\/wp-json\/wp\/v2\/categories?post=496"},{"taxonomy":"post_tag","embeddable":true,"href":"https:\/\/www.uhrf.se\/index.php\/wp-json\/wp\/v2\/tags?post=496"}],"curies":[{"name":"wp","href":"https:\/\/api.w.org\/{rel}","templated":true}]}}