{"id":508,"date":"2026-09-02T09:15:15","date_gmt":"2026-09-02T09:15:15","guid":{"rendered":"https:\/\/www.uhrf.se\/?p=508"},"modified":"2026-09-02T09:18:29","modified_gmt":"2026-09-02T09:18:29","slug":"upphandlingsrattsliga-foreningen-bjuder-in-till-medlemsmote-om-konkurrensverkets-tillsyn-inom-konkurrens-och-offentlig-upphandling-aktuella-prioriteringar-och-arenden","status":"publish","type":"post","link":"https:\/\/www.uhrf.se\/index.php\/2026\/09\/02\/upphandlingsrattsliga-foreningen-bjuder-in-till-medlemsmote-om-konkurrensverkets-tillsyn-inom-konkurrens-och-offentlig-upphandling-aktuella-prioriteringar-och-arenden\/","title":{"rendered":"Upphandlingsr\u00e4ttsliga f\u00f6reningen bjuder in till medlemsm\u00f6te 17 september om Konkurrensverkets tillsyn inom konkurrens och offentlig upphandling \u2013 aktuella prioriteringar och \u00e4renden."},"content":{"rendered":"\n<p>Upphandlingsr\u00e4ttsliga f\u00f6reningen inbjuder h\u00e4rmed till medlemsm\u00f6te, i samarbete med Konkurrens- och marknadsr\u00e4ttsliga f\u00f6reningen (KMF) och G\u00f6teborgs Juristklubb med temat <strong>Konkurrensverkets tillsyn inom konkurrens och offentlig upphandling \u2013 aktuella prioriteringar och \u00e4renden.<\/strong><\/p>\n\n\n\n<p>Medverkande:<br><strong>Grant McKelvey<\/strong>, Chef f\u00f6r Konkurrensverkets enhet f\u00f6r tips och bevakning<br><strong>Lars Henriksson<\/strong>, Professor i konkurrensr\u00e4tt vid Handelsh\u00f6gskolan i Stockholm<br><strong>Per Karlsson<\/strong>, Advokat vid Advokatfirman Per Karlsson &amp; Co<br><strong>Cecilia Torelm<\/strong> Tornberg, Advokat vid Advokatfirman MarLaw<br><strong>Robert Mold\u00e9n<\/strong>, Doktor i konkurrens- och upphandlingsr\u00e4tt samt EU-advokat vid Advokataktiebolaget Albatross<\/p>\n\n\n\n<p><strong>Tid:<\/strong> kl 17.00 \u2013 19.00 torsdag den 17 september 2026<br><strong>Plats:<\/strong> Sal B33, Handelsh\u00f6gskolan i G\u00f6teborg, Vasagatan 1, samt l\u00e4nk via Teams<\/p>\n\n\n\n<p><strong>Osa:<\/strong> Senast tisdag 15 september 2026 till <a href=\"mailto:info@uhrf.se\">info@uhrf.se<\/a> &nbsp;vid deltagande p\u00e5 plats, annars onsdag 16 september.<br>L\u00e4nk till f\u00f6redrag skickas ut till anm\u00e4lda dagen innan.<br>Deltagande \u00e4r kostnadsfritt<\/p>\n\n\n\n<p>Deltagare p\u00e5 plats kommer att erh\u00e5lla ett deltagarintyg, som f\u00f6r advokater motsvarar 1,5 timme enligt Advokatsamfundets riktlinjer f\u00f6r professionell vidareutbildning (<a href=\"https:\/\/www.advokatsamfundet.se\/globalassets\/advokatsamfundet_sv\/advokatyrket\/riktlinjer-professionell-vidareutbildning-rev-4-dec-2020-slutlig.pdf\">https:\/\/www.advokatsamfundet.se\/globalassets\/advokatsamfundet_sv\/advokatyrket\/riktlinjer-professionell-vidareutbildning-rev-4-dec-2020-slutlig.pdf<\/a> )<\/p>\n\n\n\n<p><br>K\u00d6RSCHEMA<\/p>\n\n\n\n<p><strong>17.00-17.15<\/strong> V\u00e4lkomstord fr\u00e5n kv\u00e4llens moderator Robert Mold\u00e9n samt information om kommande konkurrensr\u00e4ttsliga evenemang inom KMF och den internationella konkurrensr\u00e4ttsliga f\u00f6reningen LIDC fr\u00e5n Cecilia Torelm Tornberg<\/p>\n\n\n\n<p><strong>17.15-18.00<\/strong> F\u00f6redrag av Grant McKelvey om Konkurrensverkets tillsyn inom konkurrens och offentlig upphandling \u2013 aktuella prioriteringar och \u00e4renden<\/p>\n\n\n\n<p><strong>18.00-18.15<\/strong> Kommentarer fr\u00e5n Lars Henriksson samt diskussion<\/p>\n\n\n\n<p><strong>18.15-18.30 Fika<\/strong><\/p>\n\n\n\n<p><strong>18.30-18.50<\/strong> F\u00f6redrag av Per Karlsson om V\u00e4sentliga konkurrensr\u00e4ttsliga \u00e4renden relaterade till offentlig upphandling<\/p>\n\n\n\n<p><strong>18.50-19.00<\/strong> Kommentarer fr\u00e5n Lars Henriksson samt avslutande diskussion<\/p>\n\n\n\n<p><strong>19.00<\/strong> \u00d6verl\u00e4mning av deltagarintyg till deltagare p\u00e5 plats<br><br><strong>V\u00e4lkommen!<\/strong><\/p>\n","protected":false},"excerpt":{"rendered":"<p>Upphandlingsr\u00e4ttsliga f\u00f6reningen inbjuder h\u00e4rmed till medlemsm\u00f6te, i samarbete med Konkurrens- och marknadsr\u00e4ttsliga f\u00f6reningen (KMF) och G\u00f6teborgs Juristklubb med temat Konkurrensverkets tillsyn inom konkurrens och offentlig upphandling \u2013 aktuella prioriteringar och \u00e4renden. Medverkande:Grant McKelvey, Chef f\u00f6r Konkurrensverkets enhet f\u00f6r tips och <a class=\"more-link\" href=\"https:\/\/www.uhrf.se\/index.php\/2026\/09\/02\/upphandlingsrattsliga-foreningen-bjuder-in-till-medlemsmote-om-konkurrensverkets-tillsyn-inom-konkurrens-och-offentlig-upphandling-aktuella-prioriteringar-och-arenden\/\">Read More &#8230;<\/a><\/p>\n","protected":false},"author":1,"featured_media":0,"comment_status":"closed","ping_status":"closed","sticky":true,"template":"","format":"standard","meta":[],"categories":[29,5,9,1],"tags":[],"_links":{"self":[{"href":"https:\/\/www.uhrf.se\/index.php\/wp-json\/wp\/v2\/posts\/508"}],"collection":[{"href":"https:\/\/www.uhrf.se\/index.php\/wp-json\/wp\/v2\/posts"}],"about":[{"href":"https:\/\/www.uhrf.se\/index.php\/wp-json\/wp\/v2\/types\/post"}],"author":[{"embeddable":true,"href":"https:\/\/www.uhrf.se\/index.php\/wp-json\/wp\/v2\/users\/1"}],"replies":[{"embeddable":true,"href":"https:\/\/www.uhrf.se\/index.php\/wp-json\/wp\/v2\/comments?post=508"}],"version-history":[{"count":2,"href":"https:\/\/www.uhrf.se\/index.php\/wp-json\/wp\/v2\/posts\/508\/revisions"}],"predecessor-version":[{"id":510,"href":"https:\/\/www.uhrf.se\/index.php\/wp-json\/wp\/v2\/posts\/508\/revisions\/510"}],"wp:attachment":[{"href":"https:\/\/www.uhrf.se\/index.php\/wp-json\/wp\/v2\/media?parent=508"}],"wp:term":[{"taxonomy":"category","embeddable":true,"href":"https:\/\/www.uhrf.se\/index.php\/wp-json\/wp\/v2\/categories?post=508"},{"taxonomy":"post_tag","embeddable":true,"href":"https:\/\/www.uhrf.se\/index.php\/wp-json\/wp\/v2\/tags?post=508"}],"curies":[{"name":"wp","href":"https:\/\/api.w.org\/{rel}","templated":true}]}}